{"id":1524,"date":"2019-07-03T16:14:49","date_gmt":"2019-07-03T16:14:49","guid":{"rendered":"http:\/\/www.md-clinic.pt\/?p=1524"},"modified":"2020-08-12T07:58:34","modified_gmt":"2020-08-12T07:58:34","slug":"saude-integrativa-preventiva-e-regenerativa","status":"publish","type":"post","link":"https:\/\/www.md-clinic.pt\/en\/saude-integrativa-preventiva-e-regenerativa\/","title":{"rendered":"Sa\u00fade Integrativa, Preventiva e Regenerativa"},"content":{"rendered":"<div class=\"col-lg-12 col-md-12 col-sm-12 col-xs-12\">\r\n<p>&nbsp;<\/p>\r\n<p class=\"font_8\">A consulta de Sa\u00fade Integrativa, desenvolvida por Carina Guerreiro, consiste numa abordagem que tem em conta a individualidade de cada ser humano.<\/p>\r\n<p>&nbsp;<\/p>\r\n<p class=\"font_8\">Na consulta, ser\u00e1 realizada uma anamnese o mais completa poss\u00edvel, bem como meios auxiliares de diagn\u00f3stico, podendo ser necess\u00e1ria no plano de tratamentos a participa\u00e7\u00e3o de diversos profissionais de sa\u00fade atrav\u00e9s de tratamentos convencionais, n\u00e3o convencionais e Preventivos.<\/p>\r\n<p>&nbsp;<\/p>\r\n<p class=\"font_8\">Integrativo, significa o bem estar f\u00edsico, psicol\u00f3gico (mental e emocional), social, espiritual (sentido para a vida) e ecol\u00f3gico (ambiental).<\/p>\r\n<p>&nbsp;<\/p>\r\n<p class=\"font_8\"><span class=\"wixGuard\">\u200b<\/span>Assim, o paciente tem um papel activo no processo, pelo que ser\u00e1 envolvido nas estrat\u00e9gias de melhoria e\/ou manuten\u00e7\u00e3o do seu estado de sa\u00fade. O processo passa pela tomada de auto-consci\u00eancia, do corpo, mente e esp\u00edrito, bem como a auto-percep\u00e7\u00e3o da sua sa\u00fade, pensamentos e emo\u00e7\u00f5es.<\/p>\r\n<p>&nbsp;<\/p>\r\n<p class=\"font_8\">\u201cAprender a ouvir\u00a0 os primeiros sintomas do seu corpo antes da manifesta\u00e7\u00e3o da doen\u00e7a\u201d. Nesta abordagem, os profissionais de sa\u00fade t\u00eam tamb\u00e9m um papel fundamental nesta \u00e1rea, instruindo e guiando o paciente.<\/p>\r\n<p>&nbsp;<\/p>\r\n<p class=\"font_8\">&#8220;O delicado equil\u00edbrio de orientar algu\u00e9m n\u00e3o \u00e9 cri\u00e1-lo \u00e0 sua pr\u00f3pria imagem, mas dar-lhe a oportunidade de se criar&#8221;-Autor desconhecido.<\/p>\r\n<p>&nbsp;<\/p>\r\n<p class=\"font_8\">Neste modelo integrativo de sa\u00fade, o objetivo n\u00e3o \u00e9 tratar o sintoma apenas, mas sim identificar a causa do problema, quais os desequil\u00edbrios que podem estar na base da patologia. A doen\u00e7a n\u00e3o aparece apenas subitamente. Existe um car\u00e1cter din\u00e2mico e evolutivo da sa\u00fade e sua degenera\u00e7\u00e3o em doen\u00e7a aguda e consequentemente cr\u00f3nica, caso n\u00e3o seja diagnosticada precocemente. A sa\u00fade \u00e9 adaptativa. Assim, apesar de nascermos com um c\u00f3digo gen\u00e9tico herm\u00e9tico, \u00e9 a nossa interac\u00e7\u00e3o com o meio envolvente que regula a express\u00e3o dos diversos genes (Epigen\u00e9tica).<\/p>\r\n<p>&nbsp;<\/p>\r\n<p class=\"font_8\">Os desequil\u00edbrios do nosso organismo, devem ser investigados ao n\u00edvel celular. Polu\u00eddas por toxinas ou carenciadas em \u00abmol\u00e9culas da vida\u00bb, nomeadamente oligoelementos, as nossas c\u00e9lulas n\u00e3o conseguem assegurar corretamente as suas fun\u00e7\u00f5es vitais. Assegurar o restauro do \u00abbom funcionamento\u00bb das nossas c\u00e9lulas, nomeadamente pelo aporte de oligoelementos -papel indispens\u00e1vel para detoxificar e restruturar-e de nutrientes essenciais, em boa quantidade. Desta forma, de acordo com a necessidade de cada paciente, desenvolvemos um plano personalizado e integrativo que contempla o uso de terap\u00eauticas variadas (Acupuntura, Ozonoterapia, nutri\u00e7\u00e3o funcional) bem como a sugest\u00e3o de altera\u00e7\u00f5es especificas do estilo de vida e dieta, suplementos alimentares, agentes farmac\u00eauticos ou bot\u00e2nicos.<\/p>\r\n<p>&nbsp;<\/p>\r\n<p class=\"font_8\">De acordo com a resposta do paciente \u00e0s diferentes interven\u00e7\u00f5es , o plano de tratamento \u00e9 actualizado de forma din\u00e2mica e faseada.<\/p>\r\n<p id=\"link123\">\u00a0<\/p>\r\n<p>&nbsp;<\/p>\r\n<p>&nbsp;<\/p>\r\n<p>&nbsp;<\/p>\r\n<p style=\"text-align: center;\"><strong><span style=\"font-size: 14pt;\">OZONOTERAPIA<\/span><\/strong><\/p>\r\n<p>&nbsp;<\/p>\r\n<p>A Ozonoterapia \u00e9 a aplica\u00e7\u00e3o do ozono para fins cl\u00ednicos.<br \/>\r\nO ozono medicinal \u00e9 sempre uma mistura de ozono e de oxig\u00e9nio puro. Esta t\u00e9cnica \u00e9 realizada por um especialista que determina a dosagem adequada, de acordo com a indica\u00e7\u00e3o e a condi\u00e7\u00e3o do paciente.<\/p>\r\n<p><br \/>\r\nBenef\u00edcios:<\/p>\r\n<p><br \/>\r\n\u00b7 Melhora o metabolismo do oxig\u00e9nio;<br \/>\r\n\u00b7 Modulador imunol\u00f3gico;<br \/>\r\n\u00b7 Modulador do stress oxidativo biol\u00f3gico;<br \/>\r\n\u00b7 Potente bactericida, fungicida e virucida;<br \/>\r\n\u00b7 Potente analg\u00e9sico e anti-inflamat\u00f3rio;<br \/>\r\n\u00b7 Melhora a circula\u00e7\u00e3o sangu\u00ednea;<br \/>\r\n\u00b7 Previne o envelhecimento celular;<br \/>\r\n\u00b7 Coadjuvante da terapia oncol\u00f3gica : melhora o estado dos pacientes submetidos a quimioterapia e outros tratamentos oncol\u00f3gicos.<br \/>\r\n\u00b7 Pilar da Medicina Preventiva e Anti-Aging;<\/p>\r\n<p><br \/>\r\nFormas de administra\u00e7\u00e3o do ozono m\u00e9dico:<\/p>\r\n<p><br \/>\r\n\u00b7 Administra\u00e7\u00e3o colo-rectal;<br \/>\r\n\u00b7 Auto-Hemoterapia Major \u2013 administra\u00e7\u00e3o por via sangu\u00ednea;<br \/>\r\n\u00b7 Auto-Hemoterapia Minor \u2013 aplica\u00e7\u00e3o intra-muscular;<br \/>\r\n\u00b7 Inje\u00e7\u00e3o intra-articular;<br \/>\r\n\u00b7 Aplica\u00e7\u00e3o por bolsoterapia: indicado em feridas infetadas como sejam a do p\u00e9 diab\u00e9tico e \u00falcera cr\u00f3nica;<br \/>\r\n\u00b7 Aplica\u00e7\u00e3o intra-discal em h\u00e9rnias da coluna vertebral;<br \/>\r\n\u00b7 Aplica\u00e7\u00e3o para-vertebral.<\/p>\r\n<p><br \/>\r\nDura\u00e7\u00e3o:<br \/>\r\n\u25cf at\u00e9 30 minutos<\/p>\r\n<p>&nbsp;<\/p>\r\n<p>Tem efeitos secund\u00e1rios ou contra-indica\u00e7\u00f5es?<br \/>\r\n*A Ozonoterapia n\u00e3o tem efeitos secund\u00e1rios descritos, no entanto, n\u00e3o pode ser administrado por via inalat\u00f3ria, nem em doentes com Favismo e Hipertiroidismo n\u00e3o controlado.<\/p>\r\n<p id=\"link1234\">\u00a0<\/p>\r\n<p>&nbsp;<\/p>\r\n<p>&nbsp;<\/p>\r\n<p>&nbsp;<\/p>\r\n<div>\r\n<div class=\"im\">\r\n<p style=\"text-align: center;\"><strong><span style=\"font-size: 14pt;\">ONCOLOGIA INTEGRATIVA &#8211; CANCER SUPPORTIVE PROGRAM<\/span><\/strong><\/p>\r\n<p>&nbsp;<\/p>\r\n<\/div>\r\n<\/div>\r\n<div id=\"m_-4300360268168511485m_1867655399155265289m_-905244643993340131m_-8078393859773128972m_-6705483453394039698m_-8612579302242779765gmail-comp-jrim8r02\" class=\"m_-4300360268168511485m_1867655399155265289m_-905244643993340131m_-8078393859773128972m_-6705483453394039698m_-8612579302242779765gmail-txtNew\">\r\n<p class=\"m_-4300360268168511485m_1867655399155265289m_-905244643993340131m_-8078393859773128972m_-6705483453394039698m_-8612579302242779765gmail-font_8\">O Cancer Supportive Program, desenvolvido por Carina Guerreiro e a sua equipa, \u00e9 um programa inovador, multidisciplinar e integrativo para o doente oncol\u00f3gico!<\/p>\r\n<div class=\"yj6qo ajU\">\r\n<div id=\":v1\" class=\"ajR\" tabindex=\"0\" role=\"button\" aria-label=\"Ocultar conte\u00fado expandido\" aria-expanded=\"true\" data-tooltip=\"Ocultar conte\u00fado expandido\"><img decoding=\"async\" class=\"ajT\" src=\"https:\/\/ssl.gstatic.com\/ui\/v1\/icons\/mail\/images\/cleardot.gif\" \/><\/div>\r\n<\/div>\r\n<div class=\"adL\">\r\n<p class=\"m_-4300360268168511485m_1867655399155265289m_-905244643993340131m_-8078393859773128972m_-6705483453394039698m_-8612579302242779765gmail-font_8\">Desenhado para dar apoio a cada uma das pessoas que experienciaram a doen\u00e7a em todas as suas vertentes. O nosso compromisso \u00e9 oferecermos um plano personalizado e adequado a cada caso \/ pessoa.<\/p>\r\n<p class=\"m_-4300360268168511485m_1867655399155265289m_-905244643993340131m_-8078393859773128972m_-6705483453394039698m_-8612579302242779765gmail-font_8\">Apoiamos pacientes, cuidadores, familiares e todo o n\u00facleo que possa estar directamente afectado pelo impacto desta doen\u00e7a.<\/p>\r\n<p class=\"m_-4300360268168511485m_1867655399155265289m_-905244643993340131m_-8078393859773128972m_-6705483453394039698m_-8612579302242779765gmail-font_8\">O nosso objectivo consiste em olhar para o cancro n\u00e3o apenas como uma doen\u00e7a mas como uma possibilidade de transforma\u00e7\u00e3o para um novo estilo de vida.<\/p>\r\n<p class=\"m_-4300360268168511485m_1867655399155265289m_-905244643993340131m_-8078393859773128972m_-6705483453394039698m_-8612579302242779765gmail-font_8\">\u00a0<\/p>\r\n<p class=\"m_-4300360268168511485m_1867655399155265289m_-905244643993340131m_-8078393859773128972m_-6705483453394039698m_-8612579302242779765gmail-font_8\">Baseamos o nosso programa nos seguintes objectivos:<\/p>\r\n<p>&nbsp;<\/p>\r\n<ul class=\"m_-4300360268168511485m_1867655399155265289m_-905244643993340131m_-8078393859773128972m_-6705483453394039698m_-8612579302242779765gmail-font_8\" style=\"list-style-type: disc;\">\r\n\t<li>\r\n<p class=\"m_-4300360268168511485m_1867655399155265289m_-905244643993340131m_-8078393859773128972m_-6705483453394039698m_-8612579302242779765gmail-font_8\">Melhor qualidade de Vida &#8211; durante e ap\u00f3s os tratamentos<\/p>\r\n<\/li>\r\n\t<li>\r\n<p class=\"m_-4300360268168511485m_1867655399155265289m_-905244643993340131m_-8078393859773128972m_-6705483453394039698m_-8612579302242779765gmail-font_8\">Menor impacto dos efeitos adversos dos tratamentos convencionais (quimioterapia e radioterapia)<\/p>\r\n<\/li>\r\n\t<li>\r\n<p class=\"m_-4300360268168511485m_1867655399155265289m_-905244643993340131m_-8078393859773128972m_-6705483453394039698m_-8612579302242779765gmail-font_8\">Melhor e maior toler\u00e2ncia aos tratamentos permitindo a continuidade dos mesmos<\/p>\r\n<\/li>\r\n\t<li>\r\n<p class=\"m_-4300360268168511485m_1867655399155265289m_-905244643993340131m_-8078393859773128972m_-6705483453394039698m_-8612579302242779765gmail-font_8\">Reduzir o stress, ins\u00f3nias e dor associada<\/p>\r\n<\/li>\r\n<\/ul>\r\n<p class=\"m_-4300360268168511485m_1867655399155265289m_-905244643993340131m_-8078393859773128972m_-6705483453394039698m_-8612579302242779765gmail-font_8\">\u00a0<\/p>\r\n<p class=\"m_-4300360268168511485m_1867655399155265289m_-905244643993340131m_-8078393859773128972m_-6705483453394039698m_-8612579302242779765gmail-font_8\">Durante a dura\u00e7\u00e3o do nosso programa pretendemos:<\/p>\r\n<p>&nbsp;<\/p>\r\n<ul class=\"m_-4300360268168511485m_1867655399155265289m_-905244643993340131m_-8078393859773128972m_-6705483453394039698m_-8612579302242779765gmail-font_8\" style=\"list-style-type: disc;\">\r\n\t<li>\r\n<p class=\"m_-4300360268168511485m_1867655399155265289m_-905244643993340131m_-8078393859773128972m_-6705483453394039698m_-8612579302242779765gmail-font_8\">a mudan\u00e7a de perspectiva e mobiliza\u00e7\u00e3o no sentido de vida<\/p>\r\n<\/li>\r\n\t<li>\r\n<p class=\"m_-4300360268168511485m_1867655399155265289m_-905244643993340131m_-8078393859773128972m_-6705483453394039698m_-8612579302242779765gmail-font_8\">aceita\u00e7\u00e3o da realidade e adapta\u00e7\u00e3o \u00e0 realidade<\/p>\r\n<\/li>\r\n\t<li>\r\n<p class=\"m_-4300360268168511485m_1867655399155265289m_-905244643993340131m_-8078393859773128972m_-6705483453394039698m_-8612579302242779765gmail-font_8\">gest\u00e3o do stress atrav\u00e9s de m\u00e9todos inovadores<\/p>\r\n<\/li>\r\n\t<li>\r\n<p class=\"m_-4300360268168511485m_1867655399155265289m_-905244643993340131m_-8078393859773128972m_-6705483453394039698m_-8612579302242779765gmail-font_8\">promo\u00e7\u00e3o de novos h\u00e1bitos<\/p>\r\n<\/li>\r\n<\/ul>\r\n<\/div>\r\n<\/div>\r\n<p>&nbsp;<\/p>\r\n<h4>Especialista<\/h4>\r\n<p><a class=\"especialidades-especialista\" href=\"\/carina-guerreiro\/\">Carina Guerreiro<\/a><\/p>\r\n<\/div>","protected":false},"excerpt":{"rendered":"<p>A consulta de Sa\u00fade Integrativa, desenvolvida por Carina Guerreiro, consiste numa abordagem que tem em conta a individualidade de cada ser humano. &nbsp; Na consulta, ser\u00e1 realizada uma anamnese o mais completa poss\u00edvel, bem como meios auxiliares de diagn\u00f3stico, podendo ser necess\u00e1ria no plano de tratamentos a participa\u00e7\u00e3o de diversos profissionais de sa\u00fade atrav\u00e9s &hellip; <a href=\"https:\/\/www.md-clinic.pt\/en\/saude-integrativa-preventiva-e-regenerativa\/\" class=\"more-link\">Ler mais<span class=\"screen-reader-text\"> &#8220;Sa\u00fade Integrativa, Preventiva e Regenerativa&#8221;<\/span><\/a><\/p>\n","protected":false},"author":3,"featured_media":0,"comment_status":"closed","ping_status":"open","sticky":false,"template":"","format":"standard","meta":{"footnotes":""},"categories":[4],"tags":[],"class_list":["post-1524","post","type-post","status-publish","format-standard","hentry","category-especialidades"],"_links":{"self":[{"href":"https:\/\/www.md-clinic.pt\/en\/wp-json\/wp\/v2\/posts\/1524","targetHints":{"allow":["GET"]}}],"collection":[{"href":"https:\/\/www.md-clinic.pt\/en\/wp-json\/wp\/v2\/posts"}],"about":[{"href":"https:\/\/www.md-clinic.pt\/en\/wp-json\/wp\/v2\/types\/post"}],"author":[{"embeddable":true,"href":"https:\/\/www.md-clinic.pt\/en\/wp-json\/wp\/v2\/users\/3"}],"replies":[{"embeddable":true,"href":"https:\/\/www.md-clinic.pt\/en\/wp-json\/wp\/v2\/comments?post=1524"}],"version-history":[{"count":26,"href":"https:\/\/www.md-clinic.pt\/en\/wp-json\/wp\/v2\/posts\/1524\/revisions"}],"predecessor-version":[{"id":1578,"href":"https:\/\/www.md-clinic.pt\/en\/wp-json\/wp\/v2\/posts\/1524\/revisions\/1578"}],"wp:attachment":[{"href":"https:\/\/www.md-clinic.pt\/en\/wp-json\/wp\/v2\/media?parent=1524"}],"wp:term":[{"taxonomy":"category","embeddable":true,"href":"https:\/\/www.md-clinic.pt\/en\/wp-json\/wp\/v2\/categories?post=1524"},{"taxonomy":"post_tag","embeddable":true,"href":"https:\/\/www.md-clinic.pt\/en\/wp-json\/wp\/v2\/tags?post=1524"}],"curies":[{"name":"wp","href":"https:\/\/api.w.org\/{rel}","templated":true}]}}