{"id":117,"date":"2017-03-21T15:19:37","date_gmt":"2017-03-21T15:19:37","guid":{"rendered":"http:\/\/dev.md-clinic.pt\/?p=117"},"modified":"2018-12-18T22:32:00","modified_gmt":"2018-12-18T22:32:00","slug":"psicoterapia-corporal","status":"publish","type":"post","link":"https:\/\/www.md-clinic.pt\/en\/psicoterapia-corporal\/","title":{"rendered":"Psicoterapia Corporal"},"content":{"rendered":"<div class=\"col-lg-12 col-md-12 col-sm-12 col-xs-12\">\n<div class=\"separator\">&nbsp;<\/div>\n<\/div>\n<div class=\"col-lg-12 col-md-12 col-sm-12 col-xs-12\"><i>&#8220;Estar cheio de vida \u00e9 respirar profundamente, mover-se livremente e sentir com intensidade&#8221;\n\n<\/i><\/div>\n<div>&nbsp;<\/div>\n<div>&nbsp;<\/div>\n<div class=\"col-lg-12 col-md-12 col-sm-12 col-xs-12\">A Psicoterapia Corporal \u00e9 um m\u00e9todo que inclui o corpo no processo de desenvolvimento psicoterap\u00eautico. Implica uma vis\u00e3o do ser humano como um todo, mente e corpo, uma abordagem hol\u00edstica na sa\u00fade e na auto-cura.<\/div>\n<div>&nbsp;<\/div>\n<div>&nbsp;<\/div>\n<div class=\"col-lg-12 col-md-12 col-sm-12 col-xs-12\"><span style=\"color: black;\">A mente, atrav\u00e9s do nosso subconsciente, mente-nos e engana-nos, mas o corpo n\u00e3o! O corpo fica doente para nos informar que estamos a afastar-nos da nossa ess\u00eancia.\n<\/span><\/div>\n<div>&nbsp;<\/div>\n<div>&nbsp;<\/div>\n<div class=\"col-lg-12 col-md-12 col-sm-12 col-xs-12\"><span style=\"color: black;\">Se n\u00e3o encontrarmos uma forma saud\u00e1vel que passa pelo equil\u00edbrio, o corpo ir\u00e1 cansar-se, adoecer, e somatizar. Da\u00ed que o corpo \u00e9 o nosso tradutor da alma. A doen\u00e7a \u00e9 uma representa\u00e7\u00e3o de algo que se manifesta no mundo interno. Se o corpo nos acompanha desde sempre, ele \u00e9 um tradutor dos nossos pensamentos, emo\u00e7\u00f5es, sentimentos, cren\u00e7as. Ele expressa o que somos na verdade. \u00c9 uma porta de entrada para nos conectar com o nosso melhor e o nosso pior, com a nossa autorregula\u00e7\u00e3o e no nosso processo de auto cura.\n<\/span><\/div>\n<div>&nbsp;<\/div>\n<div>&nbsp;<\/div>\n<div class=\"col-lg-12 col-md-12 col-sm-12 col-xs-12\">O objetivo da Psicoterapia Corporal, \u00e9 o de \u201cfalar\u201d com o nosso corpo e \u201couvi-lo\u201d para n\u00e3o ficarmos doentes. Aprender a escutar estas mensagens do corpo para nos conhecermos a n\u00f3s pr\u00f3prios e descobrimos a nossa autenticidade. Ir para a vida na dan\u00e7a entre o pensar e o sentir.<\/div>\n<div class=\"col-lg-12 col-md-12 col-sm-12 col-xs-12\">&nbsp;<\/div>\n<div class=\"col-lg-12 col-md-12 col-sm-12 col-xs-12\">\n<div class=\"separator\">&nbsp;<\/div>\n<\/div>\n<div class=\"col-lg-12 col-md-12 col-sm-12 col-xs-12\">&nbsp;<\/div>\n<div class=\"col-lg-12 col-md-12 col-sm-12 col-xs-12\">\n<h4>Especialista<\/h4>\n<a class=\"especialidades-especialista\" href=\"\/ana-rita-carmo\/\">Ana Rita Carmo<\/a>\n<p style=\"text-align: center;\"><a href=\"http:\/\/www.md-clinic.pt\/sascha-anna-vriend\/\">Sascha Anna Vriend<\/a><\/p>\n\n<\/div>","protected":false},"excerpt":{"rendered":"<p>&#8220;Estar cheio de vida \u00e9 respirar profundamente, mover-se livremente e sentir com intensidade&#8221; &nbsp; &nbsp; A Psicoterapia Corporal \u00e9 um m\u00e9todo que inclui o corpo no processo de desenvolvimento psicoterap\u00eautico. Implica uma vis\u00e3o do ser humano como um todo, mente e corpo, uma abordagem hol\u00edstica na sa\u00fade e na auto-cura. &nbsp; &nbsp; A mente, &hellip; <a href=\"https:\/\/www.md-clinic.pt\/en\/psicoterapia-corporal\/\" class=\"more-link\">Ler mais<span class=\"screen-reader-text\"> &#8220;Psicoterapia Corporal&#8221;<\/span><\/a><\/p>\n","protected":false},"author":1,"featured_media":230,"comment_status":"open","ping_status":"open","sticky":false,"template":"","format":"standard","meta":{"footnotes":""},"categories":[4],"tags":[],"class_list":["post-117","post","type-post","status-publish","format-standard","has-post-thumbnail","hentry","category-especialidades"],"_links":{"self":[{"href":"https:\/\/www.md-clinic.pt\/en\/wp-json\/wp\/v2\/posts\/117","targetHints":{"allow":["GET"]}}],"collection":[{"href":"https:\/\/www.md-clinic.pt\/en\/wp-json\/wp\/v2\/posts"}],"about":[{"href":"https:\/\/www.md-clinic.pt\/en\/wp-json\/wp\/v2\/types\/post"}],"author":[{"embeddable":true,"href":"https:\/\/www.md-clinic.pt\/en\/wp-json\/wp\/v2\/users\/1"}],"replies":[{"embeddable":true,"href":"https:\/\/www.md-clinic.pt\/en\/wp-json\/wp\/v2\/comments?post=117"}],"version-history":[{"count":27,"href":"https:\/\/www.md-clinic.pt\/en\/wp-json\/wp\/v2\/posts\/117\/revisions"}],"predecessor-version":[{"id":1298,"href":"https:\/\/www.md-clinic.pt\/en\/wp-json\/wp\/v2\/posts\/117\/revisions\/1298"}],"wp:featuredmedia":[{"embeddable":true,"href":"https:\/\/www.md-clinic.pt\/en\/wp-json\/wp\/v2\/media\/230"}],"wp:attachment":[{"href":"https:\/\/www.md-clinic.pt\/en\/wp-json\/wp\/v2\/media?parent=117"}],"wp:term":[{"taxonomy":"category","embeddable":true,"href":"https:\/\/www.md-clinic.pt\/en\/wp-json\/wp\/v2\/categories?post=117"},{"taxonomy":"post_tag","embeddable":true,"href":"https:\/\/www.md-clinic.pt\/en\/wp-json\/wp\/v2\/tags?post=117"}],"curies":[{"name":"wp","href":"https:\/\/api.w.org\/{rel}","templated":true}]}}